{"id":4601,"date":"2021-12-21T11:45:00","date_gmt":"2021-12-21T10:45:00","guid":{"rendered":"https:\/\/www.skyfillers.com\/blog\/?p=4601"},"modified":"2021-12-23T11:45:43","modified_gmt":"2021-12-23T10:45:43","slug":"work-life-balance-erreichbarkeit-in-den-weihnachtsferien-nimmt-seit-corona-ab","status":"publish","type":"post","link":"https:\/\/skyfillers.com\/blog\/2021\/12\/21\/work-life-balance-erreichbarkeit-in-den-weihnachtsferien-nimmt-seit-corona-ab\/","title":{"rendered":"Work-Life-Balance: Erreichbarkeit in den Weihnachtsferien nimmt seit Corona ab"},"content":{"rendered":"\n<p>Besinnlichkeit, Erholung, Abschalten \u2013 \u00fcber Weihnachten und zwischen den Jahren suchen Menschen vermehrt Abstand von der Arbeit. So sind in diesem Jahr 53 Prozent der Berufst\u00e4tigen an den Feiertagen auch dann dienstlich erreichbar, wenn sie Urlaub haben \u2013 im Vorjahr waren es noch 61 Prozent, 2019 sogar 71 Prozent. Das ist das Ergebnis einer repr\u00e4sentativen Befragung im Auftrag des Digitalverbands Bitkom unter mehr als 1000 Menschen in Deutschland ab 16 Jahren, darunter 412 Berufst\u00e4tige, die in diesem Zeitraum Urlaub haben. Demnach sind M\u00e4nner mit 59 Prozent h\u00e4ufiger erreichbar als Frauen mit 48 Prozent und Berufst\u00e4tige zwischen 50 und 64 Jahren mit 60 Prozent eher als die unter 30-J\u00e4hrigen mit 34 Prozent.<\/p>\n\n\n\n<p>Bei T\u00e4tigkeiten, die im Homeoffice ausgef\u00fchrt werden, kommt eine dienstliche Erreichbarkeit im Weihnachtsurlaub h\u00e4ufiger vor: So sind fast zwei Drittel (64 Prozent) der Berufst\u00e4tigen, die teilweise oder vollst\u00e4ndig im Homeoffice arbeiten, zwischen den Jahren erreichbar \u2013 aber nur die H\u00e4lfte (50 Prozent) derjenigen, die ausschlie\u00dflich vor Ort bei ihrem Arbeitgeber t\u00e4tig sind. \u201eDie Grenzen zwischen Arbeit und Privatleben verschwimmen vor allem dort, wo der Arbeitsplatz nur wenige Meter von der eigenen Couch entfernt ist\u201c, erkl\u00e4rt Bitkom-Hauptgesch\u00e4ftsf\u00fchrer Bernhard Rohleder. \u201eEine ausgewogene Work-Life-Balance ist jedoch f\u00fcr das eigene Wohlbefinden und auch f\u00fcr eine gute Arbeitsleistung wichtig \u2013 im zweiten Jahr der Corona-Pandemie gilt das f\u00fcr viele Menschen offenbar umso mehr. Arbeitgeber sollten daf\u00fcr die n\u00f6tigen Voraussetzungen schaffen, indem sie klare Regeln zur Erreichbarkeit kommunizieren und w\u00e4hrend der Urlaubszeiten funktionierende Vertretungsl\u00f6sungen organisieren, gerade auch zum Jahreswechsel.\u201c<\/p>\n\n\n\n<p>Arbeitnehmer, die w\u00e4hrend des Weihnachtsurlaubs erreichbar sind, wollen damit vor allem die Erwartungen anderer erf\u00fcllen. So meint \u00fcber die H\u00e4lfte (55 Prozent) von ihnen, dass ihre Vorgesetzten dies erwarten w\u00fcrden. 48 Prozent sind wegen ihrer Kollegen ansprechbar. Etwa ein Drittel (32 Prozent) steht f\u00fcr Kunden zur Verf\u00fcgung. 18 Prozent haben den Anspruch an sich selbst, auch im Urlaub dienstlich erreichbar zu sein.<\/p>\n\n\n\n<p>Telefon, E-Mail, Videoanruf \u2013 aus dem Weihnachtsurlaub sind die Berufst\u00e4tigen auf vielen Wegen ansprechbar: 53 Prozent k\u00f6nnen per Telefon kontaktiert werden \u2013 das sind alle, die angeben, grunds\u00e4tzlich erreichbar zu sein. Etwas weniger schauen in ihren Messenger (50 Prozent) oder E-Mail-Postfach (45 Prozent). Mehr als ein Drittel (36 Prozent) nimmt sogar Videoanrufe im Weihnachtsurlaub entgegen. SMS empf\u00e4ngt jede oder jeder Sechste (17 Prozent).<\/p>\n","protected":false},"excerpt":{"rendered":"<p>Besinnlichkeit, Erholung, Abschalten \u2013 \u00fcber Weihnachten und zwischen den Jahren suchen Menschen vermehrt Abstand von der Arbeit. So sind in diesem Jahr 53 Prozent der Berufst\u00e4tigen an den Feiertagen auch dann dienstlich erreichbar, wenn sie Urlaub haben \u2013 im Vorjahr waren es noch 61 Prozent, 2019 sogar 71 Prozent. Das ist das Ergebnis einer repr\u00e4sentativen &hellip;<\/p>\n","protected":false},"author":2,"featured_media":4602,"comment_status":"closed","ping_status":"open","sticky":false,"template":"","format":"standard","meta":{"_monsterinsights_skip_tracking":false,"_monsterinsights_sitenote_active":false,"_monsterinsights_sitenote_note":"","_monsterinsights_sitenote_category":0,"footnotes":""},"categories":[22],"tags":[],"class_list":["post-4601","post","type-post","status-publish","format-standard","has-post-thumbnail","hentry","category-allgemein"],"yoast_head":"<!-- This site is optimized with the Yoast SEO plugin v27.4 - https:\/\/yoast.com\/product\/yoast-seo-wordpress\/ -->\n<title>Work-Life-Balance: Erreichbarkeit in den Weihnachtsferien nimmt ab<\/title>\n<meta name=\"description\" content=\"Besinnlichkeit, Erholung, Abschalten \u2013 \u00fcber Weihnachten und zwischen den Jahren suchen Menschen vermehrt Abstand von der Arbeit.\" \/>\n<meta name=\"robots\" content=\"index, follow, max-snippet:-1, max-image-preview:large, max-video-preview:-1\" \/>\n<link rel=\"canonical\" href=\"https:\/\/skyfillers.com\/blog\/2021\/12\/21\/work-life-balance-erreichbarkeit-in-den-weihnachtsferien-nimmt-seit-corona-ab\/\" \/>\n<meta property=\"og:locale\" content=\"de_DE\" \/>\n<meta property=\"og:type\" content=\"article\" \/>\n<meta property=\"og:title\" content=\"Work-Life-Balance: Erreichbarkeit in den Weihnachtsferien nimmt ab\" \/>\n<meta property=\"og:description\" content=\"Besinnlichkeit, Erholung, Abschalten \u2013 \u00fcber Weihnachten und zwischen den Jahren suchen Menschen vermehrt Abstand von der Arbeit.\" \/>\n<meta property=\"og:url\" content=\"https:\/\/skyfillers.com\/blog\/2021\/12\/21\/work-life-balance-erreichbarkeit-in-den-weihnachtsferien-nimmt-seit-corona-ab\/\" \/>\n<meta property=\"og:site_name\" content=\"Skyfillers Blog\" \/>\n<meta property=\"article:published_time\" content=\"2021-12-21T10:45:00+00:00\" \/>\n<meta property=\"article:modified_time\" content=\"2021-12-23T10:45:43+00:00\" \/>\n<meta property=\"og:image\" content=\"https:\/\/skyfillers.com\/blog\/wp-content\/uploads\/2021\/12\/tessa-rampersad-5toRIWF2GUY-unsplash.jpg\" \/>\n\t<meta property=\"og:image:width\" content=\"1400\" \/>\n\t<meta property=\"og:image:height\" content=\"935\" \/>\n\t<meta property=\"og:image:type\" content=\"image\/jpeg\" \/>\n<meta name=\"author\" content=\"Dirk Siebels\" \/>\n<meta name=\"twitter:card\" content=\"summary_large_image\" \/>\n<meta name=\"twitter:label1\" content=\"Verfasst von\" \/>\n\t<meta name=\"twitter:data1\" content=\"Dirk Siebels\" \/>\n\t<meta name=\"twitter:label2\" content=\"Gesch\u00e4tzte Lesezeit\" \/>\n\t<meta name=\"twitter:data2\" content=\"3\u00a0Minuten\" \/>\n<script type=\"application\/ld+json\" class=\"yoast-schema-graph\">{\"@context\":\"https:\\\/\\\/schema.org\",\"@graph\":[{\"@type\":\"Article\",\"@id\":\"https:\\\/\\\/skyfillers.com\\\/blog\\\/2021\\\/12\\\/21\\\/work-life-balance-erreichbarkeit-in-den-weihnachtsferien-nimmt-seit-corona-ab\\\/#article\",\"isPartOf\":{\"@id\":\"https:\\\/\\\/skyfillers.com\\\/blog\\\/2021\\\/12\\\/21\\\/work-life-balance-erreichbarkeit-in-den-weihnachtsferien-nimmt-seit-corona-ab\\\/\"},\"author\":{\"name\":\"Dirk Siebels\",\"@id\":\"https:\\\/\\\/skyfillers.com\\\/blog\\\/#\\\/schema\\\/person\\\/254623724cef6aaeb7d85429b71aae57\"},\"headline\":\"Work-Life-Balance: Erreichbarkeit in den Weihnachtsferien nimmt seit Corona ab\",\"datePublished\":\"2021-12-21T10:45:00+00:00\",\"dateModified\":\"2021-12-23T10:45:43+00:00\",\"mainEntityOfPage\":{\"@id\":\"https:\\\/\\\/skyfillers.com\\\/blog\\\/2021\\\/12\\\/21\\\/work-life-balance-erreichbarkeit-in-den-weihnachtsferien-nimmt-seit-corona-ab\\\/\"},\"wordCount\":383,\"image\":{\"@id\":\"https:\\\/\\\/skyfillers.com\\\/blog\\\/2021\\\/12\\\/21\\\/work-life-balance-erreichbarkeit-in-den-weihnachtsferien-nimmt-seit-corona-ab\\\/#primaryimage\"},\"thumbnailUrl\":\"https:\\\/\\\/skyfillers.com\\\/blog\\\/wp-content\\\/uploads\\\/2021\\\/12\\\/tessa-rampersad-5toRIWF2GUY-unsplash.jpg\",\"inLanguage\":\"de\"},{\"@type\":\"WebPage\",\"@id\":\"https:\\\/\\\/skyfillers.com\\\/blog\\\/2021\\\/12\\\/21\\\/work-life-balance-erreichbarkeit-in-den-weihnachtsferien-nimmt-seit-corona-ab\\\/\",\"url\":\"https:\\\/\\\/skyfillers.com\\\/blog\\\/2021\\\/12\\\/21\\\/work-life-balance-erreichbarkeit-in-den-weihnachtsferien-nimmt-seit-corona-ab\\\/\",\"name\":\"Work-Life-Balance: Erreichbarkeit in den Weihnachtsferien nimmt ab\",\"isPartOf\":{\"@id\":\"https:\\\/\\\/skyfillers.com\\\/blog\\\/#website\"},\"primaryImageOfPage\":{\"@id\":\"https:\\\/\\\/skyfillers.com\\\/blog\\\/2021\\\/12\\\/21\\\/work-life-balance-erreichbarkeit-in-den-weihnachtsferien-nimmt-seit-corona-ab\\\/#primaryimage\"},\"image\":{\"@id\":\"https:\\\/\\\/skyfillers.com\\\/blog\\\/2021\\\/12\\\/21\\\/work-life-balance-erreichbarkeit-in-den-weihnachtsferien-nimmt-seit-corona-ab\\\/#primaryimage\"},\"thumbnailUrl\":\"https:\\\/\\\/skyfillers.com\\\/blog\\\/wp-content\\\/uploads\\\/2021\\\/12\\\/tessa-rampersad-5toRIWF2GUY-unsplash.jpg\",\"datePublished\":\"2021-12-21T10:45:00+00:00\",\"dateModified\":\"2021-12-23T10:45:43+00:00\",\"author\":{\"@id\":\"https:\\\/\\\/skyfillers.com\\\/blog\\\/#\\\/schema\\\/person\\\/254623724cef6aaeb7d85429b71aae57\"},\"description\":\"Besinnlichkeit, Erholung, Abschalten \u2013 \u00fcber Weihnachten und zwischen den Jahren suchen Menschen vermehrt Abstand von der Arbeit.\",\"breadcrumb\":{\"@id\":\"https:\\\/\\\/skyfillers.com\\\/blog\\\/2021\\\/12\\\/21\\\/work-life-balance-erreichbarkeit-in-den-weihnachtsferien-nimmt-seit-corona-ab\\\/#breadcrumb\"},\"inLanguage\":\"de\",\"potentialAction\":[{\"@type\":\"ReadAction\",\"target\":[\"https:\\\/\\\/skyfillers.com\\\/blog\\\/2021\\\/12\\\/21\\\/work-life-balance-erreichbarkeit-in-den-weihnachtsferien-nimmt-seit-corona-ab\\\/\"]}]},{\"@type\":\"ImageObject\",\"inLanguage\":\"de\",\"@id\":\"https:\\\/\\\/skyfillers.com\\\/blog\\\/2021\\\/12\\\/21\\\/work-life-balance-erreichbarkeit-in-den-weihnachtsferien-nimmt-seit-corona-ab\\\/#primaryimage\",\"url\":\"https:\\\/\\\/skyfillers.com\\\/blog\\\/wp-content\\\/uploads\\\/2021\\\/12\\\/tessa-rampersad-5toRIWF2GUY-unsplash.jpg\",\"contentUrl\":\"https:\\\/\\\/skyfillers.com\\\/blog\\\/wp-content\\\/uploads\\\/2021\\\/12\\\/tessa-rampersad-5toRIWF2GUY-unsplash.jpg\",\"width\":1400,\"height\":935,\"caption\":\"Work-Life-Balance: Erreichbarkeit in den Weihnachtsferien nimmt seit Corona ab\"},{\"@type\":\"BreadcrumbList\",\"@id\":\"https:\\\/\\\/skyfillers.com\\\/blog\\\/2021\\\/12\\\/21\\\/work-life-balance-erreichbarkeit-in-den-weihnachtsferien-nimmt-seit-corona-ab\\\/#breadcrumb\",\"itemListElement\":[{\"@type\":\"ListItem\",\"position\":1,\"name\":\"Home\",\"item\":\"https:\\\/\\\/skyfillers.com\\\/blog\\\/\"},{\"@type\":\"ListItem\",\"position\":2,\"name\":\"Work-Life-Balance: Erreichbarkeit in den Weihnachtsferien nimmt seit Corona ab\"}]},{\"@type\":\"WebSite\",\"@id\":\"https:\\\/\\\/skyfillers.com\\\/blog\\\/#website\",\"url\":\"https:\\\/\\\/skyfillers.com\\\/blog\\\/\",\"name\":\"Skyfillers Blog\",\"description\":\"Informationen zu E-Mail, Backup, Hosting und mehr.\",\"potentialAction\":[{\"@type\":\"SearchAction\",\"target\":{\"@type\":\"EntryPoint\",\"urlTemplate\":\"https:\\\/\\\/skyfillers.com\\\/blog\\\/?s={search_term_string}\"},\"query-input\":{\"@type\":\"PropertyValueSpecification\",\"valueRequired\":true,\"valueName\":\"search_term_string\"}}],\"inLanguage\":\"de\"},{\"@type\":\"Person\",\"@id\":\"https:\\\/\\\/skyfillers.com\\\/blog\\\/#\\\/schema\\\/person\\\/254623724cef6aaeb7d85429b71aae57\",\"name\":\"Dirk Siebels\",\"image\":{\"@type\":\"ImageObject\",\"inLanguage\":\"de\",\"@id\":\"https:\\\/\\\/secure.gravatar.com\\\/avatar\\\/96de72e6634fd6dcd75bfe7f199ceaf0e9d1394c8de8e91dc42f49396bfdae70?s=96&d=mm&r=g\",\"url\":\"https:\\\/\\\/secure.gravatar.com\\\/avatar\\\/96de72e6634fd6dcd75bfe7f199ceaf0e9d1394c8de8e91dc42f49396bfdae70?s=96&d=mm&r=g\",\"contentUrl\":\"https:\\\/\\\/secure.gravatar.com\\\/avatar\\\/96de72e6634fd6dcd75bfe7f199ceaf0e9d1394c8de8e91dc42f49396bfdae70?s=96&d=mm&r=g\",\"caption\":\"Dirk Siebels\"},\"url\":\"https:\\\/\\\/skyfillers.com\\\/blog\\\/author\\\/dirk\\\/\"}]}<\/script>\n<!-- \/ Yoast SEO plugin. -->","yoast_head_json":{"title":"Work-Life-Balance: Erreichbarkeit in den Weihnachtsferien nimmt ab","description":"Besinnlichkeit, Erholung, Abschalten \u2013 \u00fcber Weihnachten und zwischen den Jahren suchen Menschen vermehrt Abstand von der Arbeit.","robots":{"index":"index","follow":"follow","max-snippet":"max-snippet:-1","max-image-preview":"max-image-preview:large","max-video-preview":"max-video-preview:-1"},"canonical":"https:\/\/skyfillers.com\/blog\/2021\/12\/21\/work-life-balance-erreichbarkeit-in-den-weihnachtsferien-nimmt-seit-corona-ab\/","og_locale":"de_DE","og_type":"article","og_title":"Work-Life-Balance: Erreichbarkeit in den Weihnachtsferien nimmt ab","og_description":"Besinnlichkeit, Erholung, Abschalten \u2013 \u00fcber Weihnachten und zwischen den Jahren suchen Menschen vermehrt Abstand von der Arbeit.","og_url":"https:\/\/skyfillers.com\/blog\/2021\/12\/21\/work-life-balance-erreichbarkeit-in-den-weihnachtsferien-nimmt-seit-corona-ab\/","og_site_name":"Skyfillers Blog","article_published_time":"2021-12-21T10:45:00+00:00","article_modified_time":"2021-12-23T10:45:43+00:00","og_image":[{"width":1400,"height":935,"url":"https:\/\/skyfillers.com\/blog\/wp-content\/uploads\/2021\/12\/tessa-rampersad-5toRIWF2GUY-unsplash.jpg","type":"image\/jpeg"}],"author":"Dirk Siebels","twitter_card":"summary_large_image","twitter_misc":{"Verfasst von":"Dirk Siebels","Gesch\u00e4tzte Lesezeit":"3\u00a0Minuten"},"schema":{"@context":"https:\/\/schema.org","@graph":[{"@type":"Article","@id":"https:\/\/skyfillers.com\/blog\/2021\/12\/21\/work-life-balance-erreichbarkeit-in-den-weihnachtsferien-nimmt-seit-corona-ab\/#article","isPartOf":{"@id":"https:\/\/skyfillers.com\/blog\/2021\/12\/21\/work-life-balance-erreichbarkeit-in-den-weihnachtsferien-nimmt-seit-corona-ab\/"},"author":{"name":"Dirk Siebels","@id":"https:\/\/skyfillers.com\/blog\/#\/schema\/person\/254623724cef6aaeb7d85429b71aae57"},"headline":"Work-Life-Balance: Erreichbarkeit in den Weihnachtsferien nimmt seit Corona ab","datePublished":"2021-12-21T10:45:00+00:00","dateModified":"2021-12-23T10:45:43+00:00","mainEntityOfPage":{"@id":"https:\/\/skyfillers.com\/blog\/2021\/12\/21\/work-life-balance-erreichbarkeit-in-den-weihnachtsferien-nimmt-seit-corona-ab\/"},"wordCount":383,"image":{"@id":"https:\/\/skyfillers.com\/blog\/2021\/12\/21\/work-life-balance-erreichbarkeit-in-den-weihnachtsferien-nimmt-seit-corona-ab\/#primaryimage"},"thumbnailUrl":"https:\/\/skyfillers.com\/blog\/wp-content\/uploads\/2021\/12\/tessa-rampersad-5toRIWF2GUY-unsplash.jpg","inLanguage":"de"},{"@type":"WebPage","@id":"https:\/\/skyfillers.com\/blog\/2021\/12\/21\/work-life-balance-erreichbarkeit-in-den-weihnachtsferien-nimmt-seit-corona-ab\/","url":"https:\/\/skyfillers.com\/blog\/2021\/12\/21\/work-life-balance-erreichbarkeit-in-den-weihnachtsferien-nimmt-seit-corona-ab\/","name":"Work-Life-Balance: Erreichbarkeit in den Weihnachtsferien nimmt ab","isPartOf":{"@id":"https:\/\/skyfillers.com\/blog\/#website"},"primaryImageOfPage":{"@id":"https:\/\/skyfillers.com\/blog\/2021\/12\/21\/work-life-balance-erreichbarkeit-in-den-weihnachtsferien-nimmt-seit-corona-ab\/#primaryimage"},"image":{"@id":"https:\/\/skyfillers.com\/blog\/2021\/12\/21\/work-life-balance-erreichbarkeit-in-den-weihnachtsferien-nimmt-seit-corona-ab\/#primaryimage"},"thumbnailUrl":"https:\/\/skyfillers.com\/blog\/wp-content\/uploads\/2021\/12\/tessa-rampersad-5toRIWF2GUY-unsplash.jpg","datePublished":"2021-12-21T10:45:00+00:00","dateModified":"2021-12-23T10:45:43+00:00","author":{"@id":"https:\/\/skyfillers.com\/blog\/#\/schema\/person\/254623724cef6aaeb7d85429b71aae57"},"description":"Besinnlichkeit, Erholung, Abschalten \u2013 \u00fcber Weihnachten und zwischen den Jahren suchen Menschen vermehrt Abstand von der Arbeit.","breadcrumb":{"@id":"https:\/\/skyfillers.com\/blog\/2021\/12\/21\/work-life-balance-erreichbarkeit-in-den-weihnachtsferien-nimmt-seit-corona-ab\/#breadcrumb"},"inLanguage":"de","potentialAction":[{"@type":"ReadAction","target":["https:\/\/skyfillers.com\/blog\/2021\/12\/21\/work-life-balance-erreichbarkeit-in-den-weihnachtsferien-nimmt-seit-corona-ab\/"]}]},{"@type":"ImageObject","inLanguage":"de","@id":"https:\/\/skyfillers.com\/blog\/2021\/12\/21\/work-life-balance-erreichbarkeit-in-den-weihnachtsferien-nimmt-seit-corona-ab\/#primaryimage","url":"https:\/\/skyfillers.com\/blog\/wp-content\/uploads\/2021\/12\/tessa-rampersad-5toRIWF2GUY-unsplash.jpg","contentUrl":"https:\/\/skyfillers.com\/blog\/wp-content\/uploads\/2021\/12\/tessa-rampersad-5toRIWF2GUY-unsplash.jpg","width":1400,"height":935,"caption":"Work-Life-Balance: Erreichbarkeit in den Weihnachtsferien nimmt seit Corona ab"},{"@type":"BreadcrumbList","@id":"https:\/\/skyfillers.com\/blog\/2021\/12\/21\/work-life-balance-erreichbarkeit-in-den-weihnachtsferien-nimmt-seit-corona-ab\/#breadcrumb","itemListElement":[{"@type":"ListItem","position":1,"name":"Home","item":"https:\/\/skyfillers.com\/blog\/"},{"@type":"ListItem","position":2,"name":"Work-Life-Balance: Erreichbarkeit in den Weihnachtsferien nimmt seit Corona ab"}]},{"@type":"WebSite","@id":"https:\/\/skyfillers.com\/blog\/#website","url":"https:\/\/skyfillers.com\/blog\/","name":"Skyfillers Blog","description":"Informationen zu E-Mail, Backup, Hosting und mehr.","potentialAction":[{"@type":"SearchAction","target":{"@type":"EntryPoint","urlTemplate":"https:\/\/skyfillers.com\/blog\/?s={search_term_string}"},"query-input":{"@type":"PropertyValueSpecification","valueRequired":true,"valueName":"search_term_string"}}],"inLanguage":"de"},{"@type":"Person","@id":"https:\/\/skyfillers.com\/blog\/#\/schema\/person\/254623724cef6aaeb7d85429b71aae57","name":"Dirk Siebels","image":{"@type":"ImageObject","inLanguage":"de","@id":"https:\/\/secure.gravatar.com\/avatar\/96de72e6634fd6dcd75bfe7f199ceaf0e9d1394c8de8e91dc42f49396bfdae70?s=96&d=mm&r=g","url":"https:\/\/secure.gravatar.com\/avatar\/96de72e6634fd6dcd75bfe7f199ceaf0e9d1394c8de8e91dc42f49396bfdae70?s=96&d=mm&r=g","contentUrl":"https:\/\/secure.gravatar.com\/avatar\/96de72e6634fd6dcd75bfe7f199ceaf0e9d1394c8de8e91dc42f49396bfdae70?s=96&d=mm&r=g","caption":"Dirk Siebels"},"url":"https:\/\/skyfillers.com\/blog\/author\/dirk\/"}]}},"_links":{"self":[{"href":"https:\/\/skyfillers.com\/blog\/wp-json\/wp\/v2\/posts\/4601","targetHints":{"allow":["GET"]}}],"collection":[{"href":"https:\/\/skyfillers.com\/blog\/wp-json\/wp\/v2\/posts"}],"about":[{"href":"https:\/\/skyfillers.com\/blog\/wp-json\/wp\/v2\/types\/post"}],"author":[{"embeddable":true,"href":"https:\/\/skyfillers.com\/blog\/wp-json\/wp\/v2\/users\/2"}],"replies":[{"embeddable":true,"href":"https:\/\/skyfillers.com\/blog\/wp-json\/wp\/v2\/comments?post=4601"}],"version-history":[{"count":1,"href":"https:\/\/skyfillers.com\/blog\/wp-json\/wp\/v2\/posts\/4601\/revisions"}],"predecessor-version":[{"id":4603,"href":"https:\/\/skyfillers.com\/blog\/wp-json\/wp\/v2\/posts\/4601\/revisions\/4603"}],"wp:featuredmedia":[{"embeddable":true,"href":"https:\/\/skyfillers.com\/blog\/wp-json\/wp\/v2\/media\/4602"}],"wp:attachment":[{"href":"https:\/\/skyfillers.com\/blog\/wp-json\/wp\/v2\/media?parent=4601"}],"wp:term":[{"taxonomy":"category","embeddable":true,"href":"https:\/\/skyfillers.com\/blog\/wp-json\/wp\/v2\/categories?post=4601"},{"taxonomy":"post_tag","embeddable":true,"href":"https:\/\/skyfillers.com\/blog\/wp-json\/wp\/v2\/tags?post=4601"}],"curies":[{"name":"wp","href":"https:\/\/api.w.org\/{rel}","templated":true}]}}